[{"@context":"https:\/\/schema.org\/","@type":"Article","@id":"https:\/\/www.niber.cz\/jak-je-to-vlastne-s-temi-burkami\/#Article","mainEntityOfPage":"https:\/\/www.niber.cz\/jak-je-to-vlastne-s-temi-burkami\/","headline":"Jak je to vlastn\u011b s t\u011bmi burkami","name":"Jak je to vlastn\u011b s t\u011bmi burkami","description":"Isl\u00e1m je v posledn\u00ed dob\u011b t\u00e9ma, kter\u00e9 se prom\u00edt\u00e1 snad v ka\u017ed\u00e9 ve\u0159ejn\u00e9 ud\u00e1losti. Politick\u00e9 debaty, ob\u010dansk\u00e9 debaty, diskuze na internetu. K jak\u00e9koliv p\u0159\u00edle\u017eitosti. V\u0161ichni se dnes up\u00edraj\u00ed na isl\u00e1m a vid\u00ed ty imigranty, jak k n\u00e1m \u0161plhaj\u00ed po lanech p\u0159es ploty. K isl\u00e1mu, hlavn\u011b k tomu arabsk\u00e9mu, kter\u00fd se roz\u0161\u00ed\u0159il do cel\u00e9ho sv\u011bta (by\u0165 [&hellip;]","datePublished":"2025-03-03","dateModified":"2025-03-03","author":{"@type":"Person","@id":"https:\/\/www.niber.cz\/author\/#Person","name":"","url":"https:\/\/www.niber.cz\/author\/","identifier":1,"image":{"@type":"ImageObject","@id":"https:\/\/secure.gravatar.com\/avatar\/33549a3bd69022b5544ec751c6f690d75868252394a5ec007d9ed3f2c30f7874?s=96&d=mm&r=g","url":"https:\/\/secure.gravatar.com\/avatar\/33549a3bd69022b5544ec751c6f690d75868252394a5ec007d9ed3f2c30f7874?s=96&d=mm&r=g","height":96,"width":96}},"publisher":{"@type":"Organization","name":"niber.cz","logo":{"@type":"ImageObject","@id":"\/logo.png","url":"\/logo.png","width":600,"height":60}},"image":{"@type":"ImageObject","@id":"https:\/\/www.niber.cz\/wp-content\/uploads\/img_a327678_w2168_t1539980125.jpg","url":"https:\/\/www.niber.cz\/wp-content\/uploads\/img_a327678_w2168_t1539980125.jpg","height":0,"width":0},"url":"https:\/\/www.niber.cz\/jak-je-to-vlastne-s-temi-burkami\/","wordCount":442,"articleBody":"Isl\u00e1m je v posledn\u00ed dob\u011b t\u00e9ma, kter\u00e9 se prom\u00edt\u00e1 snad v ka\u017ed\u00e9 ve\u0159ejn\u00e9 ud\u00e1losti. Politick\u00e9 debaty, ob\u010dansk\u00e9 debaty, diskuze na internetu. K jak\u00e9koliv p\u0159\u00edle\u017eitosti. V\u0161ichni se dnes up\u00edraj\u00ed na isl\u00e1m a vid\u00ed ty imigranty, jak k n\u00e1m \u0161plhaj\u00ed po lanech p\u0159es ploty. K isl\u00e1mu, hlavn\u011b k tomu arabsk\u00e9mu, kter\u00fd se roz\u0161\u00ed\u0159il do cel\u00e9ho sv\u011bta (by\u0165 n\u011bkde to tak \u00fapln\u011b neplat\u00ed), pat\u0159\u00ed je\u0161t\u011b star\u00fd zvyk zahalov\u00e1n\u00ed vlas\u016f pro \u017eeny. To je ostatn\u011b star\u00e1 \u017eidovsk\u00e1 a k\u0159es\u0165ansk\u00e1 tradice, ov\u0161em ta star\u00e1 p\u0159ed-isl\u00e1msk\u00e1 tradice jde je\u0161t\u011b d\u00e1l, kdy arabsk\u00e9 kmeny zahalovaly \u017eeny \u00fapln\u011b. Tento zvyk se tak\u00e9 prom\u00edtl n\u00e1sledn\u011b i do isl\u00e1mu, kter\u00fd se zrodil n\u011bkde v \u0161est\u00e9m stolet\u00ed na\u0161eho letopo\u010dtu. Z\u00e1kazy a p\u0159\u00edkazy Spousta modern\u00edch zem\u00ed pomalu p\u0159istupuje k z\u00e1kazu zahalov\u00e1n\u00ed, velmi bou\u0159liv\u00e1 argumentace se vede skoro na v\u0161ech \u00fastavn\u00edch soudech a parlamentech nap\u0159\u00ed\u010d politick\u00fdm spektrem. Ned\u00e1vno zak\u00e1zali zahalov\u00e1n\u00ed cel\u00e9ho obli\u010deje ve Francii a ve st\u00e1tech Beneluxu. To vyvolalo m\u00edrn\u00e9 pobou\u0159en\u00ed ze stran ortodoxn\u00edch muslim\u016f, by\u0165 to nebyl zas takov\u00fd \u201eprotest\u201c, jak si n\u011bkte\u0159\u00ed u n\u00e1s mysl\u00ed. Zahalov\u00e1n\u00ed vlas\u016f pomoc\u00ed hid\u017e\u00e1bu je je\u0161t\u011b n\u011bco, co by se dalo dokonce i pochopit. Nen\u00ed na tom nic \u0161patn\u00e9ho, u n\u00e1s jepti\u0161ky, ale i star\u0161\u00ed \u017eeny dote\u010f nos\u00ed \u0161\u00e1tek \u2013 a ano, jedn\u00e1 se hlavn\u011b o v\u011b\u0159\u00edc\u00ed \u017eeny. Nen\u00ed to nic invazivn\u00edho, co by br\u00e1nilo ve\u0159ejn\u00e9 bezpe\u010dnosti nebo se s t\u00edm snad n\u00e1\u0161 syst\u00e9m nedok\u00e1zal popasovat. Ale kdy\u017e si vezmete takovou burku nebo nik\u00e1b, tak to u\u017e je skute\u010dn\u011b n\u011bco \u201emimozemsk\u00e9ho\u201c pro n\u00e1s Evropany a pro z\u00e1padn\u00ed, ale i asijsk\u00fd sv\u011bt celkov\u011b. A by\u0165 m\u016f\u017eete b\u00fdt tolerantn\u00ed k hid\u017e\u00e1bu i isl\u00e1mu, to je v po\u0159\u00e1dku, podporovat nik\u00e1b a burku v demokratick\u00e9 spole\u010dnosti je jasn\u00fd v\u00fdraz toho, \u017ee se tak trochu ztr\u00e1c\u00edme v on\u00e9 svobod\u011b. Jak\u00e9koliv pravidlo vynucovan\u00e9 na v\u011bt\u0161in\u011b nen\u00ed dobrovoln\u00e9 D\u00edvky a \u017eeny jsou v n\u011bkter\u00fdch muslimsk\u00fdch zem\u00edch nuceny nosit tyto od\u011bvy, aby se zahalily p\u0159ed mu\u017esk\u00fdmi pohledy. Nejen\u017ee to degraduje samotnou \u017eenu na \u00farove\u0148 odosobn\u011bn\u00e9ho velblouda, ale tak\u00e9 to sv\u00fdm zp\u016fsobem degraduje i mu\u017ee jako neovl\u00e1daj\u00edc\u00ed se bestii, kter\u00e1 kdy\u017e vid\u00ed odhalen\u00e9 koleno, tak se neudr\u017e\u00ed.                                                                                                                                                                                                                                                                                                                                                                                                 "},{"@context":"https:\/\/schema.org\/","@type":"BreadcrumbList","itemListElement":[{"@type":"ListItem","position":1,"name":"Jak je to vlastn\u011b s t\u011bmi burkami","item":"https:\/\/www.niber.cz\/jak-je-to-vlastne-s-temi-burkami\/#breadcrumbitem"}]}]