[{"@context":"https:\/\/schema.org\/","@type":"Article","@id":"https:\/\/www.niber.cz\/keltsky-duch-zije-i-ve-vasich-genech\/#Article","mainEntityOfPage":"https:\/\/www.niber.cz\/keltsky-duch-zije-i-ve-vasich-genech\/","headline":"Keltsk\u00fd duch \u017eije i ve Va\u0161ich genech","name":"Keltsk\u00fd duch \u017eije i ve Va\u0161ich genech","description":"A\u010dkoliv je ve fin\u00e1le zkoum\u00e1n\u00ed d\u011bjin a jednotliv\u00fdch kultur mnohdy dost nejasn\u00fd, v p\u0159\u00edpad\u011b Kelt\u016f je jasno, zvl\u00e1\u0161t\u011b v jejich kultu\u0159e i pob\u00fdv\u00e1n\u00ed na \u00fazem\u00edch Evropy. Jen jejich zrod je nejasn\u00fd. P\u0159esto i na na\u0161em \u00fazem\u00ed, a to na m\u00edstech z\u00e1padn\u00edch a ji\u017en\u00edch \u010cech, jsou zm\u00ednky o tom, \u017ee zde Keltov\u00e9 pob\u00fdvali.Mo\u017en\u00e1 pr\u00e1v\u011b proto nos\u00edte [&hellip;]","datePublished":"2017-07-23","dateModified":"2017-07-23","author":{"@type":"Person","@id":"https:\/\/www.niber.cz\/author\/#Person","name":"","url":"https:\/\/www.niber.cz\/author\/","identifier":1,"image":{"@type":"ImageObject","@id":"https:\/\/secure.gravatar.com\/avatar\/33549a3bd69022b5544ec751c6f690d75868252394a5ec007d9ed3f2c30f7874?s=96&d=mm&r=g","url":"https:\/\/secure.gravatar.com\/avatar\/33549a3bd69022b5544ec751c6f690d75868252394a5ec007d9ed3f2c30f7874?s=96&d=mm&r=g","height":96,"width":96}},"publisher":{"@type":"Organization","name":"niber.cz","logo":{"@type":"ImageObject","@id":"\/logo.png","url":"\/logo.png","width":600,"height":60}},"image":{"@type":"ImageObject","@id":"https:\/\/www.niber.cz\/wp-content\/uploads\/img_a293389_w2321_t1505720580.png","url":"https:\/\/www.niber.cz\/wp-content\/uploads\/img_a293389_w2321_t1505720580.png","height":0,"width":0},"url":"https:\/\/www.niber.cz\/keltsky-duch-zije-i-ve-vasich-genech\/","about":["Mu\u017ei"],"wordCount":441,"articleBody":"A\u010dkoliv je ve fin\u00e1le zkoum\u00e1n\u00ed d\u011bjin a jednotliv\u00fdch kultur mnohdy dost nejasn\u00fd, v p\u0159\u00edpad\u011b Kelt\u016f je jasno, zvl\u00e1\u0161t\u011b v jejich kultu\u0159e i pob\u00fdv\u00e1n\u00ed na \u00fazem\u00edch Evropy. Jen jejich zrod je nejasn\u00fd. P\u0159esto i na na\u0161em \u00fazem\u00ed, a to na m\u00edstech z\u00e1padn\u00edch a ji\u017en\u00edch \u010cech, jsou zm\u00ednky o tom, \u017ee zde Keltov\u00e9 pob\u00fdvali.Mo\u017en\u00e1 pr\u00e1v\u011b proto nos\u00edte na krku keltsk\u00e9 p\u0159\u00edv\u011bsky, ani\u017e byste znali jejich z\u00e1sadn\u00ed v\u00fdznam.  V\u00edte, \u017ee n\u011bkter\u00e9 n\u00e1zvy v na\u0161\u00ed zemi maj\u00ed ko\u0159eny pr\u00e1v\u011b z dob keltsk\u00fdch kmen\u016f na na\u0161em \u00fazem\u00ed? Nap\u0159\u00edklad Vltava byla naz\u00fdv\u00e1na Vultavou, v p\u0159ekladu Divokou \u0159ekou? Nebo Oh\u0159e, jako \u0159eka s rychl\u00fdm pr\u016ftokem vody. I Labe bylo naz\u00fdv\u00e1no, jako b\u00edlou \u0159ekou. V\u00edte, \u017ee do dne\u0161n\u00ed doby slav\u00edme sv\u00e1tky, kter\u00e9 maj\u00ed p\u016fvod v keltsk\u00e9 kultu\u0159e? Nap\u0159. 2. listopad \u2013 Du\u0161i\u010dky. \u010cili sv\u00e1tek v\u0161ech zesnul\u00fdch. Nebo 30. dubna zn\u00e1m\u00e9, jako p\u00e1len\u00ed \u010darod\u011bjnic. Anebo do\u017e\u00ednky, kter\u00e9 p\u0159edstavovaly po\u010d\u00e1tek \u017en\u00ed. Pr\u00e1v\u011b proto, \u017ee keltsk\u00e1 kultura v na\u0161\u00ed zemi zanechala v\u00fdrazn\u00e9 stopy, a to nejen v n\u00e1zvech, nebo sv\u00e1tc\u00edch, ale i v n\u00e1lezech jejich typick\u00fdch obydl\u00ed, kter\u00e9 najdeme, t\u0159eba v T\u0159\u00edsov\u011b u \u010cesk\u00e9ho Krumlova, je n\u00e1m bl\u00edzk\u00fd i jejich symbol. Keltsk\u00fd symbol m\u011bjte st\u00e1le p\u0159i sob\u011b, v\u011b\u0159\u00edte-li v jeho magickou moc! Symbol keltsk\u00fdch kmen\u016f v podob\u011b p\u0159\u00edv\u011bsk\u016fje zalo\u017een na magii \u010d\u00edsla t\u0159i. Symbolika slune\u010dn\u00edho kruhu se t\u0159emi paprsky ve tvaru spir\u00e1ly. \u00b7 Trojka, jako minulost, p\u0159\u00edtomnost a budoucnost. \u00b7 Trojka, jako t\u0159i podoby Bo\u017e\u00ed Matky. \u00b7 Trojka, kter\u00e1 p\u0159edstavuje smrt, znovuzrozen\u00ed a v\u00fdvoj. Jen se zamyslete nad t\u00edm, kde v\u0161ude se magick\u00e9 \u010d\u00edslo t\u0159i uv\u00e1d\u00ed? T\u0159i brat\u0159i, t\u0159i p\u0159\u00e1n\u00ed, t\u0159ikr\u00e1t a dost, t\u0159i pokusy, t\u0159i dcery, t\u0159i mo\u017enosti, atd. N\u011bco na tom \u010d\u00edsle t\u0159i p\u0159ece jen bude!  V\u00edte, \u017ee p\u0159\u00edv\u011bsek se symbolem keltsk\u00e9ho triskelionu m\u00e1 ochranitelskou s\u00edlu? \u017de probouz\u00ed moudrost a pozitivn\u00ed pohled na sv\u011bt? \u017de odh\u00e1n\u00ed negativn\u00ed energii od jeho majitele? \u017de podporuje optimismus a radostn\u00fd p\u0159\u00edstup k \u017eivotu? Chyb\u00ed V\u00e1m pr\u00e1v\u011b n\u011bco takov\u00e9ho? Pak nezapome\u0148te, \u017ee jste potomkem Kelt\u016f, kte\u0159\u00ed V\u00e1m i dnes v podob\u011b keltsk\u00fdch p\u0159\u00edv\u011bsk\u016f poskytuj\u00ed ochranu!                                                                                                                                                                                                                                                                                                                                                                                                 "},{"@context":"https:\/\/schema.org\/","@type":"BreadcrumbList","itemListElement":[{"@type":"ListItem","position":1,"name":"Keltsk\u00fd duch \u017eije i ve Va\u0161ich genech","item":"https:\/\/www.niber.cz\/keltsky-duch-zije-i-ve-vasich-genech\/#breadcrumbitem"}]}]