[{"@context":"https:\/\/schema.org\/","@type":"Article","@id":"https:\/\/www.niber.cz\/prijemne-se-v-nich-citime-a-muzeme-je-nosit-celorocne\/#Article","mainEntityOfPage":"https:\/\/www.niber.cz\/prijemne-se-v-nich-citime-a-muzeme-je-nosit-celorocne\/","headline":"P\u0159\u00edjemn\u011b se v nich c\u00edt\u00edme a m\u016f\u017eeme je nosit celoro\u010dn\u011b","name":"P\u0159\u00edjemn\u011b se v nich c\u00edt\u00edme a m\u016f\u017eeme je nosit celoro\u010dn\u011b","description":"Mezi nejobl\u00edben\u011bj\u0161\u00ed oble\u010den\u00ed rozhodn\u011b pat\u0159\u00ed d\u00e1msk\u00e1 tri\u010dka s kr\u00e1tk\u00fdm ruk\u00e1vem. Kvalitn\u00ed proveden\u00ed tohoto typu oble\u010den\u00ed dop\u0159eje na\u0161emu t\u011blu d\u00fdchatelnost. Prostupn\u00e9 a p\u0159\u00edjemn\u011b materi\u00e1ly zajist\u00ed, aby se n\u00e1m i cel\u00e9mu na\u0161emu t\u011blu dob\u0159e d\u00fdchalo. Je d\u016fle\u017eit\u00e9, aby byl materi\u00e1l kvalitn\u00ed a dob\u0159e se p\u0159izp\u016fsoboval na\u0161im k\u0159ivk\u00e1m, proto\u017ee pak se n\u00e1m oble\u010den\u00ed nos\u00ed dob\u0159e a velice rychle [&hellip;]","datePublished":"2017-08-01","dateModified":"2017-08-01","author":{"@type":"Person","@id":"https:\/\/www.niber.cz\/author\/#Person","name":"","url":"https:\/\/www.niber.cz\/author\/","identifier":1,"image":{"@type":"ImageObject","@id":"https:\/\/secure.gravatar.com\/avatar\/33549a3bd69022b5544ec751c6f690d75868252394a5ec007d9ed3f2c30f7874?s=96&d=mm&r=g","url":"https:\/\/secure.gravatar.com\/avatar\/33549a3bd69022b5544ec751c6f690d75868252394a5ec007d9ed3f2c30f7874?s=96&d=mm&r=g","height":96,"width":96}},"publisher":{"@type":"Organization","name":"niber.cz","logo":{"@type":"ImageObject","@id":"\/logo.png","url":"\/logo.png","width":600,"height":60}},"image":{"@type":"ImageObject","@id":"https:\/\/www.niber.cz\/wp-content\/uploads\/img_a291591_w2163_t1504085744.jpg","url":"https:\/\/www.niber.cz\/wp-content\/uploads\/img_a291591_w2163_t1504085744.jpg","height":0,"width":0},"url":"https:\/\/www.niber.cz\/prijemne-se-v-nich-citime-a-muzeme-je-nosit-celorocne\/","about":["Mu\u017ei"],"wordCount":512,"articleBody":"Mezi nejobl\u00edben\u011bj\u0161\u00ed oble\u010den\u00ed rozhodn\u011b pat\u0159\u00ed d\u00e1msk\u00e1 tri\u010dka s kr\u00e1tk\u00fdm ruk\u00e1vem. Kvalitn\u00ed proveden\u00ed tohoto typu oble\u010den\u00ed dop\u0159eje na\u0161emu t\u011blu d\u00fdchatelnost. Prostupn\u00e9 a p\u0159\u00edjemn\u011b materi\u00e1ly zajist\u00ed, aby se n\u00e1m i cel\u00e9mu na\u0161emu t\u011blu dob\u0159e d\u00fdchalo. Je d\u016fle\u017eit\u00e9, aby byl materi\u00e1l kvalitn\u00ed a dob\u0159e se p\u0159izp\u016fsoboval na\u0161im k\u0159ivk\u00e1m, proto\u017ee pak se n\u00e1m oble\u010den\u00ed nos\u00ed dob\u0159e a velice rychle si jej d\u00edky tomu obl\u00edb\u00edme. Ladn\u00fd st\u0159ih d\u00e1 tomu v\u0161emu nov\u00fd rozm\u011br a m\u00e1me vyhr\u00e1no. Oble\u010den\u00ed tohoto typu se st\u00e1v\u00e1 t\u00edm nejobl\u00edben\u011bj\u0161\u00edm, kter\u00e9 nos\u00edme jak v l\u00e9t\u011b, tak i v zim\u011b.V letn\u00edch m\u011bs\u00edc\u00edch se s kr\u00e1tk\u00fdm ruk\u00e1vem velice dob\u0159e sportuje. Tato tri\u010dka maj\u00ed mnoho vyu\u017eit\u00ed nejenom p\u0159i r\u016fzn\u00fdch sportech, ale tak\u00e9 na b\u011b\u017en\u00e9 no\u0161en\u00ed. N\u011bkter\u00e9 d\u00e1my si je obl\u00edb\u00ed na dom\u00e1c\u00ed chozen\u00ed, jin\u00e9 si vyberou typ, ve kter\u00e9m mohou j\u00edt klidn\u011b i do m\u011bsta na n\u00e1kupy. Existuj\u00ed r\u016fzn\u00e1 proveden\u00ed, tak\u017ee sta\u010d\u00ed jenom vyb\u00edrat. Skv\u011bl\u00e9 ceny nav\u00edc jist\u011b pot\u011b\u0161\u00ed va\u0161i pen\u011b\u017eenku, tak\u017ee se jedn\u00e1 bezpochybn\u011b o skvostn\u00fd n\u00e1kup. V l\u00e9t\u011b v nich chod\u00edme jen tak v zim\u011b je obl\u00e9k\u00e1me jako spodn\u00ed vrstvy pod svetry, kardigany nebo pod mikiny \u010di saka do pr\u00e1ce. Hod\u00ed se jak na hezk\u00e9 oble\u010den\u00ed, tak i oby\u010dejn\u00e9 tri\u010dko, kdy\u017e si vyberete v\u00fdjime\u010dnou barvu podle sv\u00e9ho stylu, skv\u011ble slad\u00edte nap\u0159\u00edklad i k saku a elegantn\u00ed sukni. Vyu\u017eijte \u0161irok\u00fdch mo\u017enost\u00ed, kter\u00e9 tento kousek oble\u010den\u00ed sk\u00fdt\u00e1. R\u016fzn\u00e9 velikosti a zaj\u00edmav\u00e9 barevn\u00e9 proveden\u00ed Ka\u017ed\u00e1 \u017eena se chce c\u00edtit v\u00fdjime\u010dn\u011b. D\u00edky tri\u010dk\u016fm m\u016f\u017eete b\u00fdt v\u00fdjime\u010dn\u00e1 i s t\u00edmto z\u00e1kladn\u00edm oble\u010den\u00edm. Sta\u010d\u00ed je dob\u0159e sladit s kabelkou nebo botami a m\u016f\u017eete vyniknout. Na sportov\u00e1n\u00ed zvolte luxusn\u00ed styl, kter\u00fd v\u00e1m daj\u00ed pr\u00e1v\u011b tyto skvostn\u00e9 kousky. D\u00edky p\u0159\u00edjemn\u00fdm materi\u00e1l\u016fm zajist\u00ed pro va\u0161e t\u011blo to nejlep\u0161\u00ed.Barvy n\u00e1s mohou inspirovat  Dod\u00e1vaj\u00ed n\u00e1m dobrou n\u00e1ladu. Nalad\u00ed n\u00e1s do t\u00e9 spr\u00e1vn\u00e9 formy. D\u00edky barv\u00e1m se m\u016f\u017eeme c\u00edtit skv\u011ble a pro\u017e\u00edt b\u00e1je\u010dn\u00fd den, proto si \u010dasto vyb\u00edr\u00e1me oble\u010den\u00ed tak\u00e9 z jednoho jedin\u00e9ho hlediska a t\u00edm je pr\u00e1v\u011b barva. Proveden\u00ed m\u016f\u017ee b\u00fdt r\u016fzn\u00e9. Ka\u017ed\u00fd si vol\u00edme st\u0159ih a typ podle sv\u00e9ho vlastn\u00edho vkusu. N\u011bkter\u00e9 v\u011bci n\u00e1m na t\u011ble sed\u00ed l\u00e9pe, n\u011bkter\u00e9 m\u00e9n\u011b. Ov\u0161em tri\u010dka s kr\u00e1tk\u00fdm ruk\u00e1vem se hod\u00ed k jak\u00e9koliv p\u0159\u00edle\u017eitosti.                                                                                                                                                                                                                                                                                                                                                                                                 "},{"@context":"https:\/\/schema.org\/","@type":"BreadcrumbList","itemListElement":[{"@type":"ListItem","position":1,"name":"P\u0159\u00edjemn\u011b se v nich c\u00edt\u00edme a m\u016f\u017eeme je nosit celoro\u010dn\u011b","item":"https:\/\/www.niber.cz\/prijemne-se-v-nich-citime-a-muzeme-je-nosit-celorocne\/#breadcrumbitem"}]}]