[{"@context":"https:\/\/schema.org\/","@type":"Article","@id":"https:\/\/www.niber.cz\/vytvorte-na-vasem-pozemku-krajinny-park\/#Article","mainEntityOfPage":"https:\/\/www.niber.cz\/vytvorte-na-vasem-pozemku-krajinny-park\/","headline":"Vytvo\u0159te na va\u0161em pozemku krajinn\u00fd park","name":"Vytvo\u0159te na va\u0161em pozemku krajinn\u00fd park","description":"Ceny pozemk\u016f se odv\u00edj\u00ed podle mnoha skute\u010dnost\u00ed. Nejl\u00e9pe jsou cen\u011bn\u00e9 plochy ur\u010den\u00e9 pro stavebn\u00ed \u00fa\u010dely a teprve pak se lid\u00e9 zaj\u00edmaj\u00ed o ostatn\u00ed plochy, kter\u00e9 nelze uplatnit pro v\u00fdstavbu dom\u016f a podobn\u00fdch objekt\u016f, ale pouze pro zem\u011bd\u011blsk\u00e9 \u010di krajin\u00e1\u0159sk\u00e9 \u00fa\u010dely. M\u00edt k dispozici svou vlastn\u00ed travnatou plochu, v\u0161ak neznamen\u00e1 vyu\u017e\u00edvat ji pouze pro sp\u00e1s\u00e1n\u00ed hov\u011bz\u00edm [&hellip;]","datePublished":"2023-07-20","dateModified":"2023-09-21","author":{"@type":"Person","@id":"https:\/\/www.niber.cz\/author\/#Person","name":"","url":"https:\/\/www.niber.cz\/author\/","identifier":1,"image":{"@type":"ImageObject","@id":"https:\/\/secure.gravatar.com\/avatar\/33549a3bd69022b5544ec751c6f690d75868252394a5ec007d9ed3f2c30f7874?s=96&d=mm&r=g","url":"https:\/\/secure.gravatar.com\/avatar\/33549a3bd69022b5544ec751c6f690d75868252394a5ec007d9ed3f2c30f7874?s=96&d=mm&r=g","height":96,"width":96}},"publisher":{"@type":"Organization","name":"niber.cz","logo":{"@type":"ImageObject","@id":"\/logo.png","url":"\/logo.png","width":600,"height":60}},"image":{"@type":"ImageObject","@id":"https:\/\/www.niber.cz\/wp-content\/uploads\/meadow-2184989_640.jpg","url":"https:\/\/www.niber.cz\/wp-content\/uploads\/meadow-2184989_640.jpg","height":0,"width":0},"url":"https:\/\/www.niber.cz\/vytvorte-na-vasem-pozemku-krajinny-park\/","about":["Spole\u010dnosti"],"wordCount":438,"articleBody":"      Ceny pozemk\u016f se odv\u00edj\u00ed podle mnoha skute\u010dnost\u00ed. Nejl\u00e9pe jsou cen\u011bn\u00e9 plochy ur\u010den\u00e9 pro stavebn\u00ed \u00fa\u010dely a teprve pak se lid\u00e9 zaj\u00edmaj\u00ed o ostatn\u00ed plochy, kter\u00e9 nelze uplatnit pro v\u00fdstavbu dom\u016f a podobn\u00fdch objekt\u016f, ale pouze pro zem\u011bd\u011blsk\u00e9 \u010di krajin\u00e1\u0159sk\u00e9 \u00fa\u010dely. M\u00edt k dispozici svou vlastn\u00ed travnatou plochu, v\u0161ak neznamen\u00e1 vyu\u017e\u00edvat ji pouze pro sp\u00e1s\u00e1n\u00ed hov\u011bz\u00edm dobytkem, m\u016f\u017eete tu m\u00edt k dispozici t\u0159eba golfov\u00e9 h\u0159i\u0161t\u011b nebo prostor pro rekrea\u010dn\u00ed \u00fa\u010dely. Travnat\u00fd porost lze upravit r\u016fzn\u00fdm zp\u016fsobem, \u00fa\u010delov\u011b i okrasn\u011b, sta\u010d\u00ed nahl\u00e9dnout do ceny se\u010den\u00ed tr\u00e1vy.Se\u010den\u00ed na kr\u00e1tko \u2013 tam, kde tr\u00e1vn\u00edk slou\u017e\u00ed na proch\u00e1zky nebo pro rekreaci v bl\u00edzkosti koupali\u0161t\u011b a sportovn\u00edch h\u0159i\u0161\u0165, kde si lid\u00e9 pokl\u00e1daj\u00ed na zem deku a slun\u00ed se pod \u0161ir\u00fdm nebem, se se\u010de tr\u00e1vn\u00edk nakr\u00e1tko. A jist\u011b si um\u00edte p\u0159edstavit, jak d\u016fle\u017eit\u00e1 je jeho \u00faprava na golfov\u00e9m h\u0159i\u0161ti. Hospod\u00e1\u0159sk\u00e9 se\u010den\u00ed \u2013 tr\u00e1va slou\u017e\u00ed v zimn\u00edch m\u011bs\u00edc\u00edch jako potrava pro b\u00fdlo\u017eravce. Proto se mus\u00ed zav\u010dasu posekat a \u0161etrn\u011b usu\u0161it na seno, kter\u00e9 se pak skladuje v such\u00e9m a tepl\u00e9m prost\u0159ed\u00ed, kde nen\u00ed napadeno d\u00edky vy\u0161\u0161\u00ed vlhkosti pl\u00edsn\u00ed a hnilobou. Seno je velmi d\u016fle\u017eit\u00fd hospod\u00e1\u0159sk\u00fd artikl nejen pro skot, ale i pro kr\u00e1l\u00edky a mor\u010data, kter\u00e1 lid\u00e9 chovaj\u00ed ve sv\u00fdch p\u0159\u00edbytc\u00edch jako dom\u00e1c\u00ed mazl\u00ed\u010dky.Kv\u011btnat\u00e1 louka \u2013 byli jste se n\u011bkdy pod\u00edvat v letn\u00edch m\u011bs\u00edc\u00edch v Krkono\u0161\u00edch? Tamn\u00ed p\u0159\u00edroda se m\u016f\u017ee pochlubit rozs\u00e1hl\u00fdmi plochami kv\u011btnat\u00fdch horsk\u00fdch luk. Jestli\u017ee m\u00e1te k dispozici nevyu\u017eit\u00fd tr\u00e1vn\u00edk pro hospod\u00e1\u0159sk\u00e9 \u00fa\u010dely, anebo m\u00e1te a m\u016f\u017eete alespo\u0148 jeho \u010d\u00e1st uvolnit jako p\u0159irozen\u00e9 prost\u0159ed\u00ed, ponech\u00e1vejte tr\u00e1vu i s lu\u010dn\u00edmi kv\u011bty r\u016fst p\u0159irozen\u011b a samovoln\u011b bez va\u0161eho z\u00e1sahu. Je to d\u016fle\u017eit\u00e9 \u00fato\u010di\u0161t\u011b pro hmyz v\u010detn\u011b mot\u00fdl\u016f. Mimochodem, v\u00edte, \u017ee v p\u0159\u00edrod\u011b d\u00edky ne\u0161etrn\u00e9mu lidsk\u00e9mu po\u010d\u00edn\u00e1n\u00ed miz\u00ed mnoho hmyz\u00edch spole\u010denstv\u00ed \u2013 brouk\u016f, mot\u00fdl\u016f denn\u00edch i no\u010dn\u00edch, blanok\u0159\u00eddl\u00e9ho hmyzu a dal\u0161\u00edch drobn\u00fdch \u017eivo\u010dich\u016f? Naru\u0161uje se t\u00edm citliv\u00fd ekosyst\u00e9m, na n\u011bm\u017e mimo jin\u00e9 z\u00e1vis\u00ed i lidsk\u00fd \u017eivot.                                                                                                                                                                                                                                                                                                                                                                                                  "},{"@context":"https:\/\/schema.org\/","@type":"BreadcrumbList","itemListElement":[{"@type":"ListItem","position":1,"name":"Vytvo\u0159te na va\u0161em pozemku krajinn\u00fd park","item":"https:\/\/www.niber.cz\/vytvorte-na-vasem-pozemku-krajinny-park\/#breadcrumbitem"}]}]